{"id":6806,"date":"2015-03-19T10:24:02","date_gmt":"2015-03-19T13:24:02","guid":{"rendered":"http:\/\/bancodosimoveis.net\/?p=6806"},"modified":"2017-06-06T10:23:09","modified_gmt":"2017-06-06T13:23:09","slug":"contrato-de-comodato","status":"publish","type":"post","link":"https:\/\/bancodosimoveis.com.br\/blog\/contrato-de-comodato\/","title":{"rendered":"Contrato de comodato"},"content":{"rendered":"<h1 style=\"text-align: justify;\">CONTRATO DE COMODATO<\/h1>\n<p style=\"text-align: justify;\">Por este instrumento particular, as partes qualificadas na Cl\u00e1usula 1\u00aa t\u00eam entre si justa e acertada a presente rela\u00e7\u00e3o contratual.<\/p>\n<h3 style=\"text-align: justify;\">CL\u00c1USULA 1\u00aa &#8211; <span style=\"text-decoration: underline;\">QUALIFICA\u00c7\u00c3O DAS PARTES<\/span><\/h3>\n<h2 style=\"text-align: justify;\">Comodante<\/h2>\n<p style=\"text-align: justify;\">Nome ou Raz\u00e3o Social:<\/p>\n<p style=\"text-align: justify;\">Nacionalidade (se pessoa f\u00edsica):<\/p>\n<p style=\"text-align: justify;\">Estado Civil (se pessoa f\u00edsica):<\/p>\n<p style=\"text-align: justify;\">Profiss\u00e3o (se pessoa f\u00edsica):<\/p>\n<p style=\"text-align: justify;\">Identidade (se pessoa f\u00edsica):<\/p>\n<p style=\"text-align: justify;\">CPF ou CNPJ:<\/p>\n<p style=\"text-align: justify;\">Endere\u00e7o:<\/p>\n<h2 style=\"text-align: justify;\">Comodat\u00e1ria<\/h2>\n<p style=\"text-align: justify;\">Nome ou Raz\u00e3o Social:<\/p>\n<p style=\"text-align: justify;\">Nacionalidade (se pessoa f\u00edsica):<\/p>\n<p style=\"text-align: justify;\">Estado Civil (se pessoa f\u00edsica):<\/p>\n<p style=\"text-align: justify;\">Profiss\u00e3o (se pessoa f\u00edsica):<\/p>\n<p style=\"text-align: justify;\">Identidade (se pessoa f\u00edsica):<\/p>\n<p style=\"text-align: justify;\">CPF ou CNPJ:<\/p>\n<p style=\"text-align: justify;\">Endere\u00e7o:<\/p>\n<p style=\"text-align: justify;\"><strong>CL\u00c1USULA 2\u00aa<\/strong><\/p>\n<p style=\"text-align: justify;\">O presente contrato tem por finalidade a utiliza\u00e7\u00e3o, por parte da COMODAT\u00c1RIA, do im\u00f3vel descrito a seguir, de propriedade da COMODANTE:<\/p>\n<p style=\"text-align: justify;\">Endere\u00e7o do Im\u00f3vel:<\/p>\n<p style=\"text-align: justify;\">N\u00famero de Matr\u00edcula no Cart\u00f3rio de Registro de Im\u00f3veis:<\/p>\n<p style=\"text-align: justify;\"><strong>\u00a0<\/strong><\/p>\n<p style=\"text-align: justify;\"><strong>Par\u00e1grafo \u00danico &#8211;<\/strong> A COMODAT\u00c1RIA poder\u00e1 utilizar o im\u00f3vel descrito no \u201ccaput\u201d desta Cl\u00e1usula, sem \u00f4nus de aluguel, para a execu\u00e7\u00e3o dos servi\u00e7os inerentes ao seu ramo de neg\u00f3cios, n\u00e3o podendo ced\u00ea-lo a quem quer que seja, sob qualquer t\u00edtulo, parcial ou totalmente.<\/p>\n<p style=\"text-align: justify;\"><strong>\u00a0<\/strong><\/p>\n<p style=\"text-align: justify;\"><strong>CL\u00c1USULA 3\u00aa<\/strong><\/p>\n<p style=\"text-align: justify;\"><strong>\u00a0<\/strong><\/p>\n<p style=\"text-align: justify;\">A COMODAT\u00c1RIA poder\u00e1 manter, al\u00e9m do pessoal para a execu\u00e7\u00e3o dos servi\u00e7os de seu neg\u00f3cio, m\u00f3veis, m\u00e1quinas e instala\u00e7\u00f5es de sua propriedade.<\/p>\n<p style=\"text-align: justify;\"><strong>CL\u00c1SULA 4\u00aa<\/strong><\/p>\n<p style=\"text-align: justify;\">A COMODAT\u00c1RIA n\u00e3o poder\u00e1 alterar, no todo ou em parte, o im\u00f3vel que ora lhe \u00e9 cedido.<\/p>\n<p style=\"text-align: justify;\"><strong>CL\u00c1USULA 5\u00aa<\/strong><\/p>\n<p style=\"text-align: justify;\">Ser\u00e3o de responsabilidade da COMODAT\u00c1RIA todas as despesas decorrentes da utiliza\u00e7\u00e3o de luz e for\u00e7a, de \u00e1gua e, ainda, os tributos incidentes sobre o im\u00f3vel ora cedido em comodato, durante o prazo de vig\u00eancia deste instrumento.<\/p>\n<p style=\"text-align: justify;\"><strong>\u00a0<\/strong><\/p>\n<p style=\"text-align: justify;\"><strong>CL\u00c1USULA 6\u00aa<\/strong><\/p>\n<p style=\"text-align: justify;\"><strong>\u00a0<\/strong><\/p>\n<p style=\"text-align: justify;\">Obriga-se a COMODAT\u00c1RIA a entregar o im\u00f3vel que ora lhe \u00e9 cedido em condi\u00e7\u00f5es de utiliza\u00e7\u00e3o imediata, assim que termine a vig\u00eancia deste instrumento, prevista na Cl\u00e1usula 7\u00aa.<\/p>\n<p style=\"text-align: justify;\"><strong>CL\u00c1USULA 7\u00aa<\/strong><\/p>\n<p style=\"text-align: justify;\">O presente contrato \u00e9 v\u00e1lido pelo prazo de , com t\u00e9rmino em , iniciado esse per\u00edodo a partir de sua assinatura.<\/p>\n<p style=\"text-align: justify;\"><strong>\u00a0<\/strong><\/p>\n<p style=\"text-align: justify;\"><strong>\u00a0<\/strong><\/p>\n<p style=\"text-align: justify;\"><strong>CL\u00c1USULA 8\u00aa<\/strong><\/p>\n<p style=\"text-align: justify;\"><strong>\u00a0<\/strong><\/p>\n<p style=\"text-align: justify;\">As partes elegem o Foro da Comarca de para dirimir qualquer d\u00favida sobre este instrumento.<\/p>\n<p style=\"text-align: justify;\">E por estarem assim justas e contratadas as partes assinam o presente contrato em vias de igual teor e forma, na presen\u00e7a de testemunhas.<\/p>\n<p style=\"text-align: center;\">\u00a0 LOCAL, DIA, M\u00caS, ANO.<\/p>\n<p style=\"text-align: center;\"><strong><em>COMODANTE<\/em><\/strong><\/p>\n<p style=\"text-align: center;\"><strong><em>COMODAT\u00c1RIA<\/em><\/strong><\/p>\n<h2 style=\"text-align: justify;\"><\/h2>\n<h2 style=\"text-align: justify;\">TESTESTEMUNHAS<\/h2>\n<p style=\"text-align: justify;\">1\u00aa) Assinatura:<\/p>\n<p style=\"text-align: justify;\">Nome: &#8211; CPF:<\/p>\n<p style=\"text-align: justify;\">2\u00aa) Assinatura:<\/p>\n<p style=\"text-align: justify;\">Nome: &#8211; CPF:<\/p>\n<p style=\"text-align: justify;\">Fonte:\u00a0http:\/\/www.portalimoveiscuritiba.com.br\/<\/p>\n<hr \/>\n<h2 style=\"text-align: center;\"><\/h2>\n","protected":false},"excerpt":{"rendered":"<p>CONTRATO DE COMODATO Por este instrumento particular, as partes qualificadas na Cl\u00e1usula 1\u00aa t\u00eam entre si justa e acertada a presente rela\u00e7\u00e3o contratual. CL\u00c1USULA 1\u00aa &#8211; QUALIFICA\u00c7\u00c3O DAS PARTES Comodante Nome ou Raz\u00e3o Social: Nacionalidade (se pessoa f\u00edsica): Estado Civil (se pessoa f\u00edsica): Profiss\u00e3o (se pessoa f\u00edsica): Identidade (se pessoa f\u00edsica): CPF ou CNPJ: Endere\u00e7o: [&hellip;]<\/p>\n","protected":false},"author":1,"featured_media":6744,"comment_status":"open","ping_status":"open","sticky":false,"template":"","format":"standard","meta":[],"categories":[1380],"tags":[1496],"_links":{"self":[{"href":"https:\/\/bancodosimoveis.com.br\/blog\/wp-json\/wp\/v2\/posts\/6806"}],"collection":[{"href":"https:\/\/bancodosimoveis.com.br\/blog\/wp-json\/wp\/v2\/posts"}],"about":[{"href":"https:\/\/bancodosimoveis.com.br\/blog\/wp-json\/wp\/v2\/types\/post"}],"author":[{"embeddable":true,"href":"https:\/\/bancodosimoveis.com.br\/blog\/wp-json\/wp\/v2\/users\/1"}],"replies":[{"embeddable":true,"href":"https:\/\/bancodosimoveis.com.br\/blog\/wp-json\/wp\/v2\/comments?post=6806"}],"version-history":[{"count":3,"href":"https:\/\/bancodosimoveis.com.br\/blog\/wp-json\/wp\/v2\/posts\/6806\/revisions"}],"predecessor-version":[{"id":9104,"href":"https:\/\/bancodosimoveis.com.br\/blog\/wp-json\/wp\/v2\/posts\/6806\/revisions\/9104"}],"wp:featuredmedia":[{"embeddable":true,"href":"https:\/\/bancodosimoveis.com.br\/blog\/wp-json\/wp\/v2\/media\/6744"}],"wp:attachment":[{"href":"https:\/\/bancodosimoveis.com.br\/blog\/wp-json\/wp\/v2\/media?parent=6806"}],"wp:term":[{"taxonomy":"category","embeddable":true,"href":"https:\/\/bancodosimoveis.com.br\/blog\/wp-json\/wp\/v2\/categories?post=6806"},{"taxonomy":"post_tag","embeddable":true,"href":"https:\/\/bancodosimoveis.com.br\/blog\/wp-json\/wp\/v2\/tags?post=6806"}],"curies":[{"name":"wp","href":"https:\/\/api.w.org\/{rel}","templated":true}]}}